{"id":351,"date":"2026-04-22T17:34:44","date_gmt":"2026-04-22T14:34:44","guid":{"rendered":"https:\/\/1melek.com\/en\/?p=351"},"modified":"2026-04-22T17:34:44","modified_gmt":"2026-04-22T14:34:44","slug":"cuneyt-ozdemir","status":"publish","type":"post","link":"https:\/\/1melek.com\/en\/cuneyt-ozdemir\/","title":{"rendered":"C\u00fcneyt \u00d6zdemir Height, Weight, Age, Spouse and Biography"},"content":{"rendered":"<h2>Who is C\u00fcneyt \u00d6zdemir? His Life and Career<\/h2>\n<p>C\u00fcneyt \u00d6zdemir is one of Turkey\u2019s leading journalists, television presenters, and digital broadcasters. Born on February 8, 1970, in Ankara, \u00d6zdemir has carried out significant projects on both television and digital platforms throughout his long-standing media career. Especially known to wide audiences with the \u201c<a href=\"https:\/\/www.youtube.com\/@cnnturk5n1k\" target=\"_blank\" rel=\"noopener\">5N1K<\/a>\u201d program, he continues his broadcasts today via YouTube and digital media. :contentReference[oaicite:0]{index=0}<\/p>\n<hr \/>\n<h3>Basic Information<\/h3>\n<table>\n<thead>\n<tr>\n<th>Information<\/th>\n<th>Detail<\/th>\n<\/tr>\n<\/thead>\n<tbody>\n<tr>\n<td>Full Name<\/td>\n<td>C\u00fcneyt \u00d6zdemir<\/td>\n<\/tr>\n<tr>\n<td>Date of Birth<\/td>\n<td>February 8, 1970<\/td>\n<\/tr>\n<tr>\n<td>Place of Birth<\/td>\n<td>Ankara<\/td>\n<\/tr>\n<tr>\n<td>Age<\/td>\n<td>56<\/td>\n<\/tr>\n<tr>\n<td>Profession<\/td>\n<td>Journalist, Presenter, Writer<\/td>\n<\/tr>\n<tr>\n<td>Spouse<\/td>\n<td>Zeynep \u0130nano\u011flu (2011)<\/td>\n<\/tr>\n<tr>\n<td>Child<\/td>\n<td>1<\/td>\n<\/tr>\n<tr>\n<td>Height<\/td>\n<td>192 cm<\/td>\n<\/tr>\n<tr>\n<td>Weight<\/td>\n<td>87 kg<\/td>\n<\/tr>\n<tr>\n<td>Hair Color<\/td>\n<td>Black<\/td>\n<\/tr>\n<tr>\n<td>Eye Color<\/td>\n<td>Black<\/td>\n<\/tr>\n<\/tbody>\n<\/table>\n<hr \/>\n<h3>Life and Education<\/h3>\n<p>C\u00fcneyt \u00d6zdemir was born in Ankara and started his education there. After completing his primary and secondary education at Y\u00fckseli\u015f College, he graduated from Ankara Atat\u00fcrk High School. He completed his university education at Ankara University, Faculty of Communication, Department of Radio, Television and Cinema, building a strong foundation for his professional career in media.<\/p>\n<p>His family also holds an important place in his life. His mother is Hamiyet \u00d6zdemir, and his father is Ahmet \u00d6zdemir, a veteran of the Cyprus Peace Operation. C\u00fcneyt \u00d6zdemir married Zeynep \u0130nano\u011flu on February 3, 2011, in a ceremony held at the Paris Embassy. Zeynep \u0130nano\u011flu is known as a producer and is the daughter of T\u00fcrker \u0130nano\u011flu and G\u00fcl\u015fen Bubiko\u011flu. They have a son named Ali Mavi from this marriage. C\u00fcneyt \u00d6zdemir prefers to live his family life away from the media in a simpler manner. He has also lived abroad from time to time with his wife and child, especially spending a period in New York and San Francisco.<\/p>\n<hr \/>\n<h3>Career and Media Journey<\/h3>\n<p>C\u00fcneyt \u00d6zdemir\u2019s career began in the early 1990s in the media sector. In 1992, he worked as a reporter on Mehmet Ali Birand\u2019s program \u201c32. G\u00fcn\u201d and became one of the key figures of the program over time.<\/p>\n<p>In the 1990s, he reported from international war zones such as Lebanon, Northern Iraq, and Afghanistan. These experiences helped him become a strong name in field journalism.<\/p>\n<p>In 1999, \u00d6zdemir took part in the founding team of CNN T\u00fcrk and began presenting one of the most important projects of his career, the \u201c5N1K\u201d program. The program became one of the most-watched news programs in Turkey for many years.<\/p>\n<hr \/>\n<h3>Notable Works<\/h3>\n<ul>\n<li><strong>5N1K<\/strong> \u2013 Long-running news program<\/li>\n<li><strong>32. G\u00fcn<\/strong> \u2013 News and documentary program<\/li>\n<li><strong>Siyaset Meydan\u0131<\/strong> \u2013 Directing<\/li>\n<li><strong>Fark Yaratanlar<\/strong><\/li>\n<li><strong>S\u0131ra D\u0131\u015f\u0131 Bir G\u00fcn<\/strong><\/li>\n<\/ul>\n<p>He also served as a news anchor and editor-in-chief for Kanal D main news and produced various documentaries and special programs.<\/p>\n<hr \/>\n<h3>International Work and Digital Broadcasting<\/h3>\n<p>\u00d6zdemir has been active not only in Turkey but also internationally throughout his career.<br \/>\nHe strengthened his field journalism experience by covering important events such as the Iraq War, the Venezuela crisis, and the Reza Zarrab case on-site.<\/p>\n<p>In recent years, he has turned to digital media, producing daily news analysis on his YouTube channel. He also creates exclusive content on the Suppi TV platform.<\/p>\n<hr \/>\n<h3>Books and Works<\/h3>\n<p>C\u00fcneyt \u00d6zdemir is also a productive writer alongside his journalism career. Some of his published works include:<\/p>\n<ul>\n<li>Suskunluk Da\u011f\u0131n\u0131n Zirvesinde<\/li>\n<li>Bir Millet Direniyor<\/li>\n<li>G\u00fcnebakan<\/li>\n<li>Flu<\/li>\n<li>Cehennem Kafesi<\/li>\n<li>\u00d6nemli \u0130\u015fler Dairesi<\/li>\n<\/ul>\n<hr \/>\n<h3>Personal Life<\/h3>\n<p>C\u00fcneyt \u00d6zdemir married Zeynep \u0130nano\u011flu in 2011. A father of one child, \u00d6zdemir lived in the United States for a period and currently resides in Istanbul.<br \/>\nC\u00fcneyt \u00d6zdemir has a tall physique, standing at 1.92 meters. Weighing approximately 87 kilograms, he presents a unique presence on screen with his simple and classic style. Known for his black hair and black eyes, \u00d6zdemir has maintained a serious and charismatic screen image over the years.<\/p>\n<hr \/>\n<h3>Awards and Achievements<\/h3>\n<ul>\n<li>3 Golden Butterfly Awards<\/li>\n<li>Journalists Association of Turkey Award<\/li>\n<li>Radio and Television Journalists Association Awards<\/li>\n<li>Various awards in documentary and news broadcasting<\/li>\n<\/ul>\n<hr \/>\n<h3>Social Media and Digital Platforms<\/h3>\n<p>C\u00fcneyt \u00d6zdemir is also highly active in digital media. Especially through his <a href=\"https:\/\/www.youtube.com\/@cuneytozdemir\" target=\"_blank\" rel=\"nofollow noopener\">YouTube channel<\/a>, he shares daily live broadcasts covering current developments. With over 1.75 million subscribers, he publishes news analyses and exclusive content.<\/p>\n<ul>\n<li><strong>Facebook:<\/strong> facebook.com\/cuneytozdemir<\/li>\n<li><strong>Twitter:<\/strong> twitter.com\/cuneytozdemir<\/li>\n<li><strong>Instagram:<\/strong> instagram.com\/cuneytozdemir<\/li>\n<li><strong>TikTok:<\/strong> tiktok.com\/@cuneytozdemirofficial<\/li>\n<li><strong>Web:<\/strong> dipnot.tv<\/li>\n<\/ul>\n<p>C\u00fcneyt \u00d6zdemir is one of the rare journalists who combines traditional media with digital broadcasting. Throughout his long career, he has established an important place in Turkish journalism with both field reporting and analytical programs, and continues to reach wide audiences through digital platforms today.<\/p>\n<hr \/>\n<h3>Full Name<\/h3>\n<p>C\u00fcneyt \u00d6zdemir<\/p>\n<h3>Date of Birth<\/h3>\n<p>February 8, 1970<\/p>\n<h3>Age<\/h3>\n<p>56 years old<\/p>\n<h3>Spouse<\/h3>\n<p>Zeynep \u0130nano\u011flu<\/p>\n<h3>Zodiac Sign<\/h3>\n<p>Aquarius<\/p>\n<h3>Place of Birth (Origin)<\/h3>\n<p>Ankara, Turkey<\/p>\n<h3>Eye Color<\/h3>\n<p>Black<\/p>\n<h3>Natural Hair Color<\/h3>\n<p>Black<\/p>\n<h3>Weight<\/h3>\n<p>87 kg<\/p>\n<h3>Height<\/h3>\n<p>1.92 m<\/p>\n<h3>Profession<\/h3>\n<p>Journalist, Presenter, Writer<\/p>\n<h3>Education<\/h3>\n<p>Ankara University Faculty of Communication (Radio, Television and Cinema)<\/p>\n<hr \/>\n<p><mark>You can read the Turkish version of this article <a href=\"https:\/\/1melek.com\/cuneyt-ozdemir\/\">here<\/a>.<\/mark><\/p>\n","protected":false},"excerpt":{"rendered":"<p>Who is C\u00fcneyt \u00d6zdemir? His Life and Career C\u00fcneyt \u00d6zdemir is one of Turkey\u2019s leading journalists, television presenters, and digital broadcasters. Born on February 8, 1970, in Ankara, \u00d6zdemir has carried out significant &#8230; <\/p>\n<p class=\"read-more-container\"><a title=\"C\u00fcneyt \u00d6zdemir Height, Weight, Age, Spouse and Biography\" class=\"read-more button\" href=\"https:\/\/1melek.com\/en\/cuneyt-ozdemir\/#more-351\" aria-label=\"Read more about C\u00fcneyt \u00d6zdemir Height, Weight, Age, Spouse and Biography\">Devam\u0131n\u0131 Oku<\/a><\/p>\n","protected":false},"author":1,"featured_media":352,"comment_status":"open","ping_status":"open","sticky":false,"template":"","format":"standard","meta":{"footnotes":""},"categories":[1],"tags":[],"class_list":["post-351","post","type-post","status-publish","format-standard","has-post-thumbnail","hentry","category-celebrities"],"views":20,"_links":{"self":[{"href":"https:\/\/1melek.com\/en\/wp-json\/wp\/v2\/posts\/351","targetHints":{"allow":["GET"]}}],"collection":[{"href":"https:\/\/1melek.com\/en\/wp-json\/wp\/v2\/posts"}],"about":[{"href":"https:\/\/1melek.com\/en\/wp-json\/wp\/v2\/types\/post"}],"author":[{"embeddable":true,"href":"https:\/\/1melek.com\/en\/wp-json\/wp\/v2\/users\/1"}],"replies":[{"embeddable":true,"href":"https:\/\/1melek.com\/en\/wp-json\/wp\/v2\/comments?post=351"}],"version-history":[{"count":1,"href":"https:\/\/1melek.com\/en\/wp-json\/wp\/v2\/posts\/351\/revisions"}],"predecessor-version":[{"id":353,"href":"https:\/\/1melek.com\/en\/wp-json\/wp\/v2\/posts\/351\/revisions\/353"}],"wp:featuredmedia":[{"embeddable":true,"href":"https:\/\/1melek.com\/en\/wp-json\/wp\/v2\/media\/352"}],"wp:attachment":[{"href":"https:\/\/1melek.com\/en\/wp-json\/wp\/v2\/media?parent=351"}],"wp:term":[{"taxonomy":"category","embeddable":true,"href":"https:\/\/1melek.com\/en\/wp-json\/wp\/v2\/categories?post=351"},{"taxonomy":"post_tag","embeddable":true,"href":"https:\/\/1melek.com\/en\/wp-json\/wp\/v2\/tags?post=351"}],"curies":[{"name":"wp","href":"https:\/\/api.w.org\/{rel}","templated":true}]}}