{"id":102,"date":"2024-07-21T18:59:14","date_gmt":"2024-07-21T15:59:14","guid":{"rendered":"https:\/\/1melek.com\/en\/?p=102"},"modified":"2024-07-21T18:59:40","modified_gmt":"2024-07-21T15:59:40","slug":"ana-de-armas","status":"publish","type":"post","link":"https:\/\/1melek.com\/en\/ana-de-armas\/","title":{"rendered":"Ana de Armas: Height, Weight, Age, Spouse and Biography"},"content":{"rendered":"<h2>Brief Life (Biography)<\/h2>\n<p>Ana de Armas is an actress born on April 30, 1988, in Havana, Cuba. She is 168 cm tall and weighs 55 kg. Her eye color is green, and her natural hair color is light brown. She is a Taurus. Ana de Armas has a brother named Javier Caso, and her parents are Ram\u00f3n de Armas and Ana Caso.<\/p>\n<p>Ana de Armas began her acting career at a young age and has participated in various projects since 2006. She first gained attention for her performance in Manuel Guti\u00e9rrez Arag\u00f3n&#8217;s romantic drama *Una rosa de Francia*. Following this role, she appeared in projects such as *El ed\u00e9n perdido* and *Madrigal*, and she played a significant role in the well-known series *El Internado*. After spending some time in New York to learn English, she returned to Spain and was cast in the historical drama series *Hispania*.<\/p>\n<p>In 2011, she married Spanish actor Marc Clotet, but the couple divorced in 2013. She had a brief relationship with American actor Ben Affleck in 2020. Ana de Armas holds dual citizenship in Cuba and Spain and has been residing in New York as of 2022.<\/p>\n<p>&nbsp;<\/p>\n<table>\n<thead>\n<tr>\n<th>Full Name<\/th>\n<th>Ana de Armas<\/th>\n<\/tr>\n<\/thead>\n<tbody>\n<tr>\n<td>Full Name<\/td>\n<td>Ana Celia de Armas Caso<\/td>\n<\/tr>\n<tr>\n<td>Date of Birth<\/td>\n<td>April 30, 1988<\/td>\n<\/tr>\n<tr>\n<td>Age (2024)<\/td>\n<td>36 Years Old<\/td>\n<\/tr>\n<tr>\n<td>Spouse<\/td>\n<td>Marc Clotet (m. 2011\u20132013)<\/td>\n<\/tr>\n<tr>\n<td>Zodiac Sign<\/td>\n<td>Taurus<\/td>\n<\/tr>\n<tr>\n<td>Place of Birth<\/td>\n<td>Havana \/ Cuba<\/td>\n<\/tr>\n<tr>\n<td>Eye Color<\/td>\n<td>Green<\/td>\n<\/tr>\n<tr>\n<td>Natural Hair Color<\/td>\n<td>Light Brown<\/td>\n<\/tr>\n<tr>\n<td>Weight<\/td>\n<td>55 kg<\/td>\n<\/tr>\n<tr>\n<td>Height<\/td>\n<td>168 cm<\/td>\n<\/tr>\n<tr>\n<td>Family<\/td>\n<td>Parents: Ram\u00f3n de Armas, Ana Caso<br \/>\nSibling: Javier Caso<\/td>\n<\/tr>\n<tr>\n<td>Profession<\/td>\n<td>Actress<\/td>\n<\/tr>\n<\/tbody>\n<\/table>\n<p>&nbsp;<\/p>\n<p>&nbsp;<\/p>\n<h3>Full Name<\/h3>\n<p>Ana Celia de Armas Caso<\/p>\n<h3>Date of Birth<\/h3>\n<p>April 30, 1988<\/p>\n<h3>Age<\/h3>\n<p>36 Years Old<\/p>\n<h3>Spouse<\/h3>\n<p>Marc Clotet (m. 2011\u20132013)<\/p>\n<h3>Zodiac Sign<\/h3>\n<p>Taurus<\/p>\n<h3>Place of Birth<\/h3>\n<p>Havana, Cuba<\/p>\n<h3>Eye Color<\/h3>\n<p>Green<\/p>\n<h3>Natural Hair Color<\/h3>\n<p>Light Brown<\/p>\n<h3>Weight<\/h3>\n<p>55 kg<\/p>\n<h3>Height<\/h3>\n<p>168 cm<\/p>\n<h3>Family<\/h3>\n<p>Parents: Ram\u00f3n de Armas, Ana Caso<br \/>\nSibling: Javier Caso<\/p>\n<h3>Profession<\/h3>\n<p>Actress<\/p>\n<blockquote class=\"wp-block-quote\"><p><em>You can read the Turkish version of this article <a href=\"https:\/\/1melek.com\/ana-de-armas-boyu-kilosu-yasi-esi-ve-biyografisi\/\">here.<\/a><\/em><\/p><\/blockquote>\n","protected":false},"excerpt":{"rendered":"<p>Brief Life (Biography) Ana de Armas is an actress born on April 30, 1988, in Havana, Cuba. She is 168 cm tall and weighs 55 kg. Her eye color is green, and her &#8230; <\/p>\n<p class=\"read-more-container\"><a title=\"Ana de Armas: Height, Weight, Age, Spouse and Biography\" class=\"read-more button\" href=\"https:\/\/1melek.com\/en\/ana-de-armas\/#more-102\" aria-label=\"Read more about Ana de Armas: Height, Weight, Age, Spouse and Biography\">Devam\u0131n\u0131 Oku<\/a><\/p>\n","protected":false},"author":1,"featured_media":103,"comment_status":"open","ping_status":"open","sticky":false,"template":"","format":"standard","meta":{"footnotes":""},"categories":[1],"tags":[],"class_list":["post-102","post","type-post","status-publish","format-standard","has-post-thumbnail","hentry","category-celebrities"],"views":770,"_links":{"self":[{"href":"https:\/\/1melek.com\/en\/wp-json\/wp\/v2\/posts\/102","targetHints":{"allow":["GET"]}}],"collection":[{"href":"https:\/\/1melek.com\/en\/wp-json\/wp\/v2\/posts"}],"about":[{"href":"https:\/\/1melek.com\/en\/wp-json\/wp\/v2\/types\/post"}],"author":[{"embeddable":true,"href":"https:\/\/1melek.com\/en\/wp-json\/wp\/v2\/users\/1"}],"replies":[{"embeddable":true,"href":"https:\/\/1melek.com\/en\/wp-json\/wp\/v2\/comments?post=102"}],"version-history":[{"count":0,"href":"https:\/\/1melek.com\/en\/wp-json\/wp\/v2\/posts\/102\/revisions"}],"wp:featuredmedia":[{"embeddable":true,"href":"https:\/\/1melek.com\/en\/wp-json\/wp\/v2\/media\/103"}],"wp:attachment":[{"href":"https:\/\/1melek.com\/en\/wp-json\/wp\/v2\/media?parent=102"}],"wp:term":[{"taxonomy":"category","embeddable":true,"href":"https:\/\/1melek.com\/en\/wp-json\/wp\/v2\/categories?post=102"},{"taxonomy":"post_tag","embeddable":true,"href":"https:\/\/1melek.com\/en\/wp-json\/wp\/v2\/tags?post=102"}],"curies":[{"name":"wp","href":"https:\/\/api.w.org\/{rel}","templated":true}]}}